{"id":1056,"date":"2019-08-01T16:02:07","date_gmt":"2019-08-01T16:02:07","guid":{"rendered":"http:\/\/wordpressprojektas.patria.lt\/?p=1056"},"modified":"2021-05-31T11:17:41","modified_gmt":"2021-05-31T11:17:41","slug":"bausme-atlikusiems-nepilnameciams-durys-uztrenktos","status":"publish","type":"post","link":"https:\/\/patria.lt\/en\/2019\/08\/01\/bausme-atlikusiems-nepilnameciams-durys-uztrenktos\/","title":{"rendered":"Bausm\u0119 atlikusiems nepilname\u010diams \u2013 durys u\u017etrenktos?"},"content":{"rendered":"<div style=\"height:40px\" aria-hidden=\"true\" class=\"wp-block-spacer\"><\/div>\n\n\n\n<p class=\"has-drop-cap\">I\u0161\u0117jus i\u0161 \u012fkalinimo \u012fstaigos n\u0117ra lengva integruotis \u012f visuomen\u0119. Ypatingai sunku bausm\u0119 atlikusiems nepilname\u010diams. Nors visas gyvenimas prie\u0161 akis, visuomen\u0117s lipdomos etiket\u0117s trukdo jaunuoliams \u012fsitvirtinti. V?\u012e ,,A. C. Patria&#8221; Atviro jaunimo centro ,,Vartai&#8221; socialin\u0117 pedagog\u0117 R\u016bta Padriez\u0117 \u012fsitikinusi, kad problema slypi ne tik neigiamame aplinkini\u0173 po\u017ei\u016bryje. ,,Dauguma jaunuoli\u0173 i\u0161 tikr\u0173j\u0173 yra suinteresuoti keistis, kabintis \u012f gyvenim\u0105. Deja, reikiama informacija juos pasiekia ne visada. &#8221; sako ji &#8221; Bausm\u0119 atlik\u0119 nepilname\u010diai ne\u017eino, kur gali kreiptis pagalbos integruojantis, o palyd\u0117jimo jiems be galo reikia.&#8221;<\/p>\n\n\n\n<h2 id=\"wp-block-themeisle-blocks-advanced-heading-8e04a909\" class=\"wp-block-themeisle-blocks-advanced-heading wp-block-themeisle-blocks-advanced-heading-8e04a909\"><strong><br>MIGLOTA ATEITIS<\/strong><\/h2>\n\n\n\n<p>Bir\u017eelio gale AJC ,,Vartai&#8221; ir Savaranki\u0161kumo ugdymo centras ,,Kitaip&#8221; dalyvavo \u012fvadiniame V\u0161\u012e ,,Integracijos centras&#8221; projekto ,,Climb-Over&#8221; renginyje. \u0160is projektas skirtas prasi\u017eengusi\u0173 jaunuoli\u0173 ir jaunimo darbuotoj\u0173 skatinimui dirbti drauge. Projekte dalyvaujan\u010dios organizacijos lank\u0117si Kauno nepilname\u010di\u0173 tardymo izoliatoriuje-pataisos namuose. Vesdami u\u017esi\u0117mim\u0105 \u010dia kalin\u010diams jaunuoliams, socialiniai darbuotojai pamat\u0117 vaikin\u0173 gyvenim\u0105 i\u0161 arti, i\u0161klaus\u0117 j\u0173 problemas ir svajones. ,,\u012e izoliatori\u0173 keliavome su ne\u017einia. Nebuvome tikri, ar bendravimas vyks skland\u017eiai.&#8221; pripa\u017eino R. Padriez\u0117 &#8221; Vis d\u0117lto, atvyk\u0119 i\u0161vydome b\u016br\u012f smalsi\u0173 ir \u017eingeid\u017ei\u0173 jaunuoli\u0173, trok\u0161tan\u010di\u0173 bendrauti. \u017dinoma, sal\u0117je aid\u0117jo ir \u017eargonas, keiksma\u017eod\u017eiai. Jau\u010diasi, kad vaikinai sukaup\u0117 daug pyk\u010dio. Ta\u010diau tai ne taip ir keista, atsi\u017evelgiant, kokioje pad\u0117tyje jie atsid\u016br\u0117.?&#8221; &#8211; svarst\u0117 ji.<\/p>\n\n\n\n<div style=\"height:20px\" aria-hidden=\"true\" class=\"wp-block-spacer\"><\/div>\n\n\n\n<div class=\"wp-block-image\"><figure class=\"aligncenter size-large is-resized\"><img fetchpriority=\"high\" decoding=\"async\" src=\"https:\/\/patria.lt\/wp-content\/uploads\/2021\/05\/nepil1-1024x675.jpg\" alt=\"\" class=\"wp-image-1058\" width=\"681\" height=\"448\" srcset=\"https:\/\/patria.lt\/wp-content\/uploads\/2021\/05\/nepil1-1024x675.jpg 1024w, https:\/\/patria.lt\/wp-content\/uploads\/2021\/05\/nepil1-600x396.jpg 600w, https:\/\/patria.lt\/wp-content\/uploads\/2021\/05\/nepil1-300x198.jpg 300w, https:\/\/patria.lt\/wp-content\/uploads\/2021\/05\/nepil1-768x506.jpg 768w, https:\/\/patria.lt\/wp-content\/uploads\/2021\/05\/nepil1.jpg 1089w\" sizes=\"(max-width: 681px) 100vw, 681px\" \/><\/figure><\/div>\n\n\n\n<div style=\"height:20px\" aria-hidden=\"true\" class=\"wp-block-spacer\"><\/div>\n\n\n\n<p>R. Padriez\u0117 pasteb\u0117jo, kad nema\u017ea dalis jaunuoli\u0173, esan\u010di\u0173 ant lygtinio paleidimo slenks\u010dio, su nerimu laukia i\u0161\u0117jimo \u012f laisv\u0119. Jie ne\u012fsivaizduoja, kaip reik\u0117s gyventi toliau. Tod\u0117l i\u0161svajotosios laisv\u0117s tuo pa\u010diu ir bijoma, kadangi vaikinai \u017eino susidurs su did\u017eiuliais sunkumais. ,,Nors izoliatoriuje kalintys paaugliai lanko pamokas, jie n\u0117ra tikri, ar laisv\u0117je pavyks \u012fsitvirtinti. Trukdo ne tik lipdomos etiket\u0117s &#8211; tr\u016bksta ir profesionalaus palyd\u0117jimo. &#8221; atkreip\u0117 d\u0117mes\u012f specialist\u0117 &#8221; Norisi prasi\u017eengusiems jaunuoliams parodyti, kad yra organizacij\u0173, galin\u010di\u0173 suteikti reikiamos informacijos, pagelb\u0117ti kitais klausimais. Pasi\u016blyti pagalb\u0105 bausm\u0119 atlikusiems jaunuoliams visada pasiruo\u0161\u0119 jaunimo ar tiesiog konsultaciniai centrai.&#8221; &#8211; pabr\u0117\u017e\u0117 ji.<\/p>\n\n\n\n<p>Nema\u017ea dalis kalin\u010di\u0173 jaunuoli\u0173 yra buv\u0119 globos nam\u0173 aukl\u0117tiniai. Esama speciali\u0173 centr\u0173, kurie dirba b\u016btent su \u0161ia tiksline grupe. Pavyzd\u017eiui, Savaranki\u0161kumo ugdymo centras ,,Kitaip?. Su jo pagalba mokykl\u0105 tvarkingai lankantys jaunuoliai gali netgi pretenduoti \u012f stipendij\u0105. Vis d\u0117lto, visa \u0161i informacija \u012fkalinimo \u012fstaig\u0105 paliekan\u010di\u0173 nepilname\u010di\u0173 da\u017eniausiai nepasiekia. SUC ,,Kitaip&#8221; socialin\u0117 darbuotoja Evelina Pauliukaitien\u0117 pastebi, kad kalin\u010di\u0173 jaunuoli\u0173 i\u0161 globos nam\u0173 situacija yra ypatingai kebli. ,,Pasitaiko atvej\u0173, kai \u012f laisv\u0119 jaunuolis yra paleid\u017eiamas likus vos porai m\u0117nesi\u0173 iki 18-tojo gimtadienio. Jis trumpam gr\u012f\u017eta \u012f globos namus, ta\u010diau sulauk\u0119s pilnametyst\u0117s turi i\u0161 j\u0173 i\u0161sikraustyti. Mat daugeliu atveju tvarka yra tokia, kad 18-me\u010diai globos \u012fstaigoje nebegyvena. &#8221; pasakojo ji &#8222;Taip jaunas \u017emogus per trump\u0105 laik\u0105 susiduria su dvejomis kriz\u0117mis. Pirmoji \u012fvyksta i\u0161 \u012fkalinimo \u012fstaigos sugr\u012f\u017eus \u012f realyb\u0119. Antroji &#8211; po keli\u0173 m\u0117nesi\u0173 i\u0161\u0117jus \u012f savaranki\u0161k\u0105 gyvenim\u0105. &#8221; &#8211; atkreip\u0117 d\u0117mes\u012f specialist\u0117. O jeigu jaunuolis sulauk\u0117 pilnametyst\u0117s dar atlikdamas bausm\u0119, gali atsitikti taip, kad jis bus paleistas tiesiai \u012f gatv\u0119. E. Pauliukaitien\u0117 pasteb\u0117jo, kad pakliuv\u0119 \u012f toki\u0105 situacij\u0105, kai kurie vaikinai pal\u016b\u017eta. Tad galiausiai sugr\u012f\u017eta \u012f ,,chebras&#8221;, d\u0117l kuri\u0173 ir buvo patek\u0119 \u012f \u012fkalinimo \u012fstaig\u0105. ,,I\u0161\u0117j\u0119 jie turi labai limituotas galimybes. Galb\u016bt kai kurie \u012fstoja \u012f profesines mokyklas ir apsigyvena bendrabutyje. Ta\u010diau kiti susiduria su siaubingais i\u0161\u0161\u016bkiais. K\u0105 daryti, kai neturi kur gyventi? Kaip \u012fgyti vis\u0173 savaranki\u0161kam gyvenimui reikaling\u0173 \u017eini\u0173?&#8221;-  retori\u0161kai klaus\u0117 specialist\u0117.<\/p>\n\n\n\n<div style=\"height:20px\" aria-hidden=\"true\" class=\"wp-block-spacer\"><\/div>\n\n\n\n<div class=\"wp-block-image\"><figure class=\"aligncenter size-large\"><img decoding=\"async\" width=\"1024\" height=\"681\" src=\"https:\/\/patria.lt\/wp-content\/uploads\/2021\/05\/nepil2-1024x681.jpg\" alt=\"\" class=\"wp-image-1059\" srcset=\"https:\/\/patria.lt\/wp-content\/uploads\/2021\/05\/nepil2-1024x681.jpg 1024w, https:\/\/patria.lt\/wp-content\/uploads\/2021\/05\/nepil2-600x399.jpg 600w, https:\/\/patria.lt\/wp-content\/uploads\/2021\/05\/nepil2-300x199.jpg 300w, https:\/\/patria.lt\/wp-content\/uploads\/2021\/05\/nepil2-768x511.jpg 768w, https:\/\/patria.lt\/wp-content\/uploads\/2021\/05\/nepil2.jpg 1089w\" sizes=\"(max-width: 1024px) 100vw, 1024px\" \/><\/figure><\/div>\n\n\n\n<div style=\"height:20px\" aria-hidden=\"true\" class=\"wp-block-spacer\"><\/div>\n\n\n\n<h2 id=\"wp-block-themeisle-blocks-advanced-heading-c07eb1ca\" class=\"wp-block-themeisle-blocks-advanced-heading wp-block-themeisle-blocks-advanced-heading-c07eb1ca\"><strong><br>BAUD\u017dIA ANTR\u0104KART<\/strong><\/h2>\n\n\n\n<p>R. Padriez\u0117 teigia suprantanti, kad etiket\u0117s buvusiams izoliatoriaus gyventojams lipdomos ne be reikalo. Juk \u010dia kalintys jaunuoliai yra padar\u0119 itin sunkius nusikaltimus. Tad nieko keisto, kad visuomen\u0117s nariai, b\u016bdami \u0161alia buvusi\u0173 kalini\u0173, nesijau\u010dia saugiai, jau\u010dia nerim\u0105. ,,Nesinori numenkinti jaunuoli\u0173 nusikaltim\u0173. Vis d\u0117lto, tikiu, kad \u012fkalinimo \u012fstaiga yra ta vieta, kuri padeda jiems pasikeisti, persvarstyti savo pasirinkimus. \u010cia dirba puik\u016bs specialistai, nuo\u0161ird\u017eiai norintys pad\u0117ti paklydusiam paaugliui. Mes, kaip visuomen\u0117s nariai, netur\u0117tume bausm\u0119 atlikusi\u0173 jaunuoli\u0173 bausti dar kart\u0105.&#8221; &#8211; nuomon\u0117 i\u0161sak\u0117 ji. R. Padriez\u0117 prisimin\u0117 ir \u012fdom\u0173 pokalb\u012f su izoliatoriuje dirban\u010diu pareig\u016bnu, organizuojan\u010diu jaunuoliams \u012fvairias i\u0161vykstam\u0105sias veiklas. ,,Retkar\u010diais paaugliai su pri\u017ei\u016br\u0117tojais keliauja \u012f i\u0161vykas, plaukia baidar\u0117mis. Aktyvi veikla jiems yra itin svarbi, nes taip jaunuoliai pamato, kad gyvenimas gali b\u016bti ir kitoks. &#8221; &#8211;  pasakojo specialist\u0117 &#8221; Vienas, kartu su mumis izoliatoriuje lank\u0117sis, socialinis darbuotojas nusisteb\u0117jo &#8211; nejaugi jaunuoliai nebando pab\u0117gti? Pri\u017ei\u016br\u0117tojas patvirtino, kad tikrai nebando, nes \u017eino &#8211; tokiu atveju d\u017eiugesio suteikian\u010di\u0173 i\u0161vyk\u0173 nebebus.&#8221; &#8211; atskleid\u0117 ji.<\/p>\n\n\n\n<div style=\"height:20px\" aria-hidden=\"true\" class=\"wp-block-spacer\"><\/div>\n\n\n\n<div class=\"wp-block-image\"><figure class=\"aligncenter size-large\"><img decoding=\"async\" width=\"1024\" height=\"680\" src=\"https:\/\/patria.lt\/wp-content\/uploads\/2021\/05\/nepil3-1024x680.jpg\" alt=\"\" class=\"wp-image-1060\" srcset=\"https:\/\/patria.lt\/wp-content\/uploads\/2021\/05\/nepil3-1024x680.jpg 1024w, https:\/\/patria.lt\/wp-content\/uploads\/2021\/05\/nepil3-600x398.jpg 600w, https:\/\/patria.lt\/wp-content\/uploads\/2021\/05\/nepil3-300x199.jpg 300w, https:\/\/patria.lt\/wp-content\/uploads\/2021\/05\/nepil3-768x510.jpg 768w, https:\/\/patria.lt\/wp-content\/uploads\/2021\/05\/nepil3.jpg 1092w\" sizes=\"(max-width: 1024px) 100vw, 1024px\" \/><\/figure><\/div>\n\n\n\n<div style=\"height:20px\" aria-hidden=\"true\" class=\"wp-block-spacer\"><\/div>\n\n\n\n<p>Tad kaip b\u016bt\u0173 galima pakeisti situacij\u0105, kuri bausm\u0119 atlikusiems jaunuoliams tokia nesvetinga? R. Padriez\u0117s manymu, galima ir b\u016btina prad\u0117ti nuo ma\u017e\u0173 \u017eingsneli\u0173. ,,\u012ekalinimo \u012fstaig\u0173 darbuotojai dirba puikiai, ta\u010diau tur\u0117t\u0173 jaunuoliams suteikti daugiau informacijos apie pagalb\u0105 si\u016blan\u010dias vietas ir specialistus. &#8221; sako ji. &#8222;Bendraudami su vaikinais izoliatoriuje pasteb\u0117jome, kad dauguma j\u0173 i\u0161vis ne\u017eino apie galimyb\u0119 kreiptis \u012f tokio pob\u016bd\u017eio organizacijas. Kalintiems jaunuoliams prisistatyti tur\u0117t\u0173 nebijoti ir patys specialistai. Kiekvienas \u017emoni\u0173 ,,i\u0161 i\u0161or\u0117s  atvykimas kalintiesiems yra did\u017eiausias d\u017eiaugsmas. Kiti pilie\u010diai taip pat gali pasistengti b\u016bti bent \u0161iek tiek pakantesni. Kai jaunuolis i\u0161eina i\u0161 \u012fkalinimo \u012fstaigos, bando mokytis, ie\u0161koti darbo, bet sulaukia tik atst\u016bmimo, n\u0117ra lengva. Tokios patirtys j\u012f gali paskatinti netgi nusikalsti dar kart\u0105. Vaikinas tiesiog nematys prasm\u0117s gyventi nenusikalstam\u0105 gyvenim\u0105.&#8221; &#8211; atkreip\u0117 d\u0117mes\u012f specialist\u0117.<\/p>\n\n\n\n<p>R. Padriez\u0117 d\u017eiaug\u0117si, kad izoliatoriuje dienas leid\u017eiantys jaunuoliai itin susidom\u0117jo AJC ,,Vart\u0173&#8221; veikla ir kitais pasi\u016blytais u\u017esi\u0117mimais. ,,I\u0161 prad\u017ei\u0173 tik\u0117jom\u0117s sulaukti jaunuoli\u0173 pasiprie\u0161inimo, pa\u0161aip\u0173, man\u0117me, kad jie demonstratyviai rodys abejingum\u0105. Vis d\u0117lto, vaikinai pasirod\u0117 labai atviri ir nuo\u0161ird\u016bs. Mat\u0117si, kad jiems i\u0161 tikr\u0173j\u0173 \u012fdomu. &#8221; &#8211; prisimin\u0117 ji. &#8222;Nors visuomen\u0117je pilna neigiam\u0173 nuostat\u0173, \u0161ie paaugliai yra lygiai tokie patys, kaip ir kasdien m\u016bs\u0173 sutinkami jaunuoliai. Jie kupini id\u0117j\u0173, vizij\u0173 ir svajoni\u0173. \u017dinoma, \u0161ie vaikinai taip pat turi problem\u0173, jau\u010dia daug pyk\u010dio, kai kurie j\u0173 gyvenimo pasirinkimai buvo labai klaidingi ir skaud\u016bs aplinkiniams. Vis d\u0117lto, man nesinori u\u017edaryti dur\u0173 jaunam \u017emogui, kuriam viskas dar prie\u0161 akis. Trok\u0161tu skleisti \u0161i\u0105 \u017einut\u0119 visuomenei, mokyti pakantumo.&#8221; &#8211; pokalb\u012f baig\u0117 ji.<\/p>\n\n\n\n<div style=\"height:20px\" aria-hidden=\"true\" class=\"wp-block-spacer\"><\/div>\n\n\n\n<div class=\"wp-block-image\"><figure class=\"aligncenter size-large\"><img loading=\"lazy\" decoding=\"async\" width=\"1024\" height=\"680\" src=\"https:\/\/patria.lt\/wp-content\/uploads\/2021\/05\/nepil4-1024x680.jpg\" alt=\"\" class=\"wp-image-1061\" srcset=\"https:\/\/patria.lt\/wp-content\/uploads\/2021\/05\/nepil4-1024x680.jpg 1024w, https:\/\/patria.lt\/wp-content\/uploads\/2021\/05\/nepil4-600x398.jpg 600w, https:\/\/patria.lt\/wp-content\/uploads\/2021\/05\/nepil4-300x199.jpg 300w, https:\/\/patria.lt\/wp-content\/uploads\/2021\/05\/nepil4-768x510.jpg 768w, https:\/\/patria.lt\/wp-content\/uploads\/2021\/05\/nepil4.jpg 1089w\" sizes=\"(max-width: 1024px) 100vw, 1024px\" \/><\/figure><\/div>\n\n\n\n<div class=\"wp-block-image\"><figure class=\"aligncenter size-large\"><img loading=\"lazy\" decoding=\"async\" width=\"1024\" height=\"340\" src=\"https:\/\/patria.lt\/wp-content\/uploads\/2021\/05\/nepil5-1024x340.jpg\" alt=\"\" class=\"wp-image-1062\" srcset=\"https:\/\/patria.lt\/wp-content\/uploads\/2021\/05\/nepil5-1024x340.jpg 1024w, https:\/\/patria.lt\/wp-content\/uploads\/2021\/05\/nepil5-600x199.jpg 600w, https:\/\/patria.lt\/wp-content\/uploads\/2021\/05\/nepil5-300x100.jpg 300w, https:\/\/patria.lt\/wp-content\/uploads\/2021\/05\/nepil5-768x255.jpg 768w, https:\/\/patria.lt\/wp-content\/uploads\/2021\/05\/nepil5.jpg 1245w\" sizes=\"(max-width: 1024px) 100vw, 1024px\" \/><\/figure><\/div>\n\n\n\n<p><\/p>\n\n\n\n<p><br><\/p>","protected":false},"excerpt":{"rendered":"<p>I\u0161\u0117jus i\u0161 \u012fkalinimo \u012fstaigos n\u0117ra lengva integruotis \u012f visuomen\u0119. Ypatingai sunku bausm\u0119 atlikusiems nepilname\u010diams. Nors visas gyvenimas prie\u0161 akis, visuomen\u0117s lipdomos etiket\u0117s trukdo jaunuoliams \u012fsitvirtinti. V?\u012e ,,A. C. Patria&#8221; Atviro jaunimo centro ,,Vartai&#8221; socialin\u0117 pedagog\u0117 R\u016bta Padriez\u0117 \u012fsitikinusi, kad problema slypi ne tik neigiamame aplinkini\u0173 po\u017ei\u016bryje. ,,Dauguma jaunuoli\u0173 i\u0161 tikr\u0173j\u0173 yra suinteresuoti keistis, kabintis \u012f [&hellip;]<\/p>\n","protected":false},"author":1,"featured_media":1059,"comment_status":"open","ping_status":"closed","sticky":false,"template":"","format":"standard","meta":{"give_campaign_id":0,"footnotes":""},"categories":[1],"tags":[12,34,29,9],"class_list":["post-1056","post","type-post","status-publish","format-standard","has-post-thumbnail","hentry","category-be-kategorijos","tag-ac-patria","tag-issukiai","tag-jaunimas","tag-kaunas","entry","has-media","owp-thumbs-layout-horizontal","owp-btn-normal","owp-tabs-layout-horizontal","has-no-thumbnails","has-product-nav"],"aioseo_notices":[],"_links":{"self":[{"href":"https:\/\/patria.lt\/en\/wp-json\/wp\/v2\/posts\/1056","targetHints":{"allow":["GET"]}}],"collection":[{"href":"https:\/\/patria.lt\/en\/wp-json\/wp\/v2\/posts"}],"about":[{"href":"https:\/\/patria.lt\/en\/wp-json\/wp\/v2\/types\/post"}],"author":[{"embeddable":true,"href":"https:\/\/patria.lt\/en\/wp-json\/wp\/v2\/users\/1"}],"replies":[{"embeddable":true,"href":"https:\/\/patria.lt\/en\/wp-json\/wp\/v2\/comments?post=1056"}],"version-history":[{"count":2,"href":"https:\/\/patria.lt\/en\/wp-json\/wp\/v2\/posts\/1056\/revisions"}],"predecessor-version":[{"id":1063,"href":"https:\/\/patria.lt\/en\/wp-json\/wp\/v2\/posts\/1056\/revisions\/1063"}],"wp:featuredmedia":[{"embeddable":true,"href":"https:\/\/patria.lt\/en\/wp-json\/wp\/v2\/media\/1059"}],"wp:attachment":[{"href":"https:\/\/patria.lt\/en\/wp-json\/wp\/v2\/media?parent=1056"}],"wp:term":[{"taxonomy":"category","embeddable":true,"href":"https:\/\/patria.lt\/en\/wp-json\/wp\/v2\/categories?post=1056"},{"taxonomy":"post_tag","embeddable":true,"href":"https:\/\/patria.lt\/en\/wp-json\/wp\/v2\/tags?post=1056"}],"curies":[{"name":"wp","href":"https:\/\/api.w.org\/{rel}","templated":true}]}}