{"id":1013,"date":"2020-04-20T15:01:46","date_gmt":"2020-04-20T15:01:46","guid":{"rendered":"http:\/\/wordpressprojektas.patria.lt\/?p=1013"},"modified":"2021-05-31T11:20:36","modified_gmt":"2021-05-31T11:20:36","slug":"kieta-teta-is-stambulo-savanores-is-turkijos-patirtys-kaune","status":"publish","type":"post","link":"https:\/\/patria.lt\/en\/2020\/04\/20\/kieta-teta-is-stambulo-savanores-is-turkijos-patirtys-kaune\/","title":{"rendered":"\u201eKieta teta\u201d i\u0161 Stambulo: savanor\u0117s i\u0161 Turkijos patirtys Kaune"},"content":{"rendered":"<div style=\"height:40px\" aria-hidden=\"true\" class=\"wp-block-spacer\"><\/div>\n\n\n\n<p>\u201eKokia situacija Stambule?\u201c \u2013 v\u0117l\u0173 tre\u010diadienio ryt\u0105 Kaune klausiu Ezgi, kuri\u0105 kompiuterio ekrane matau s\u0117din\u010di\u0105 t\u0117v\u0173 nam\u0173 svetain\u0117je (Stambulo Azijos pus\u0117je). Situacija \u0161iuo metu pana\u0161i daugelyje \u0161ali\u0173: karantinas, ne\u017einia, u\u017edarytos sienos. Ezgi \u2013 viena i\u0161 \u201eEuropos solidarumo korpuso\u201c programos savanori\u0173, kurie trumpoms atostogoms i\u0161vyko namo ir, pa\u016bm\u0117jus pasaulinei situacijai d\u0117l koronaviruso, buvo priversti pasilikti. Nepaisant mus \u0161iuo metu skirian\u010di\u0173 trij\u0173 valand\u0173 skryd\u017eio l\u0117ktuvu, kalbam\u0117s apie Ezgi savanoryst\u0117s projekt\u0105 ir patirt\u012f Lietuvoje.<\/p>\n\n\n\n<div style=\"height:20px\" aria-hidden=\"true\" class=\"wp-block-spacer\"><\/div>\n\n\n\n<div class=\"wp-block-image\"><figure class=\"aligncenter size-large\"><img fetchpriority=\"high\" decoding=\"async\" width=\"1024\" height=\"577\" src=\"https:\/\/patria.lt\/wp-content\/uploads\/2021\/05\/stambulas-1024x577.jpg\" alt=\"\" class=\"wp-image-1015\" srcset=\"https:\/\/patria.lt\/wp-content\/uploads\/2021\/05\/stambulas-1024x577.jpg 1024w, https:\/\/patria.lt\/wp-content\/uploads\/2021\/05\/stambulas-600x338.jpg 600w, https:\/\/patria.lt\/wp-content\/uploads\/2021\/05\/stambulas-300x169.jpg 300w, https:\/\/patria.lt\/wp-content\/uploads\/2021\/05\/stambulas-768x433.jpg 768w, https:\/\/patria.lt\/wp-content\/uploads\/2021\/05\/stambulas.jpg 1239w\" sizes=\"(max-width: 1024px) 100vw, 1024px\" \/><\/figure><\/div>\n\n\n\n<div style=\"height:20px\" aria-hidden=\"true\" class=\"wp-block-spacer\"><\/div>\n\n\n\n<p>Ezgi (23m.) Balkan\u0173 pusiasalyje esan\u010diame Turkijos Tekirdaho miestelyje baig\u0117 biomedicinin\u0117s in\u017einerijos bakalauro studijas. Ji prisimena vidin\u0119 panik\u0105 ir savo mintis, atsiimant diplom\u0105: \u201eDabar jau rimtai prasid\u0117s tikras gyvenimas, nebebus joki\u0173 studij\u0173, reik\u0117s imtis ka\u017eko tikro.\u201c Ne\u017einia, ar nuo to tikrumo b\u0117gant, ar kaip tik \u012f j\u012f, Ezgi nusprend\u0117 nerti \u012f tarptautin\u0119 patirt\u012f ir nuveikti k\u0105 nors prasminga. Nar\u0161ydama \u201eEuropos solidarumo korpuso\u201c projekt\u0173 duomen\u0173 baz\u0117je Ezgi m\u0105st\u0117 apie savo geb\u0117jimus: \u201eProjektai, susij\u0119 su edukacija ar vaizdin\u0117s med\u017eiagos redagavimu atrod\u0117 per toli nuo to, k\u0105 sugebu. Nesijau\u010diau pakankamai kvalifikuota\u201c. Mergina sustojo prie projekt\u0173 su \u017emon\u0117mis su negalia. Ezgi augo kartu su savo bendraam\u017eiu autizmo spektro sutrikim\u0173 turin\u010diu pusbroliu, pa\u017einojo ir pa\u017e\u012fsta jo draugus, mokyklos mokytojus. Suradusi projekt\u0105 su negali\u0105 turin\u010diais \u017emon\u0117mis Ezgi pajuto, kad tai gal\u0117t\u0173 b\u016bti jos j\u0117goms. Tik\u0117jim\u0105, kad sugeba gerai komunikuoti su negali\u0105 turin\u010diais \u017emon\u0117mis, stiprino ne tik pa\u010dios merginos patirtis, bet ir aplinkini\u0173 pripa\u017einimas: \u201eKart\u0105 ka\u017ekas man pasak\u0117, kad bendrauju su pusbroliu ir jo draugais taip, tarsi jie b\u016bt\u0173 tokie pat kaip mes (be negalios) \u2013 man tai buvo geriausias komplimentas\u201c. Mergina pripa\u017e\u012fsta, kad augdama da\u017enai pykdavo ant \u017emoni\u0173, kurie jaut\u0117 baim\u0119 bendrauti su negali\u0105 turin\u010diais \u017emon\u0117mis. \u201eDabar vis geriau suprantu, kad jie galb\u016bt tiesiog ne\u017eino, kaip prieiti, prad\u0117ti\u201c \u2013 dalinasi Ezgi.<\/p>\n\n\n\n<p>Renkantis savanoryst\u0117s projekt\u0105 Lietuva nebuvo pirmasis Ezgi pasirinkimas: \u201eStudij\u0173 laiku pus\u0119 met\u0173 mokiausi Rumunijoje, o savanoryst\u0117s patir\u010diai m\u0105s\u010diau apie turtingesn\u0119 Europos \u0161al\u012f\u201c. Ta\u010diau Ezgi patiko \u201eA.C. Patria\u201c organizacijos koordinuojamas \u201e#glocal\u201c savanoryst\u0117s projektas Kauno Vilijampol\u0117s socialin\u0117s globos namuose. Mergina vis dar prisimena atrankos pokalbio metu per skype\u2018\u0105 j\u0105 nustebinus\u012f organizacijos darbuotoj\u0173 klausim\u0105, ar ji tikrai norinti atvykti savanoriauti \u012f j\u0173 \u012fstaig\u0105. \u201eTai ar j\u016bs man\u0119s norite kaip savanor\u0117s?\u201c \u2013 prisipa\u017e\u012fsta tuomet galvojusi Ezgi.<\/p>\n\n\n\n<p>Klausydamasi apie ilgamet\u0119 Ezgi buvimo ir bendravimo su negali\u0105 turin\u010diais \u017emon\u0117mis patirt\u012f svarstau, ar atvykus savanoriauti \u012f Vilijampol\u0117s socialin\u0117s globos namus j\u0105 kas nors nustebino? Ezgi nepalieka pauz\u0117s pam\u0105stymui: \u201eNesitik\u0117jau tokios \u017emoni\u0173 su negalia \u012fvairov\u0117s\u201c. Mergina pripa\u017e\u012fsta, kad galb\u016bt d\u0117l to, jog prie\u0161 atvykdama pa\u017einojo tik autizmo spektro sutrikim\u0173 turin\u010di\u0173 \u017emoni\u0173, nustebino socialin\u0117s globos nam\u0173 gyventoj\u0173 heterogeni\u0161kumas. Susitikimas su turin\u010diais ir fizin\u0119 negali\u0105 \u017emon\u0117mis jai taip pat buvo nauja patirtis. \u201eDabar suprantu, kad nepaisant asmenin\u0117s patirties, nesu kvalifikuota darbuotoja ir negebu dirbti su kiekvienu nam\u0173 gyventoju\u201c \u2013 dalinasi Ezgi. Dar vienas netik\u0117tas i\u0161\u0161\u016bkis, kur\u012f i\u0161girstu jau ne i\u0161 pirmo savanorio tokio profilio organizacijose, tai sveiko autoritetinio santykio su tikslin\u0117s grup\u0117s nariais susik\u016brimas. Ezgi pripa\u017e\u012fsta, kad savanoryst\u0117s prad\u017eioje teko i\u0161gyventi kelet\u0105 situacij\u0173, kurios paskatino apm\u0105styti, koks yra sveikas savanorio ir nam\u0173 gyventojo santykis, ir aktyviai j\u012f kurti. Ezgi prisimena, kaip pirmomis savanoryst\u0117s dienomis vienas nam\u0173 gyventojas pasivaik\u0161\u010diojant lauke vis tolo nuo nam\u0173, bandydamas Ezgi ribas. \u201ePrad\u017eioje drov\u0117jausi konfrontuoti. Ne\u017einojau, kad galiu ir turiu pagarbiai, ta\u010diau ai\u0161kiai, apibr\u0117\u017eti ribas to, kas galima ir kas negalima\u201c \u2013 prisimena Ezgi.<\/p>\n\n\n\n<p>\u201eEuropos solidarumo korpuso\u201c programa pabr\u0117\u017eia jauno \u017emogaus mokymosi aspekt\u0105, tod\u0117l \u012f nauj\u0105 \u0161al\u012f ir organizacij\u0105 atvyk\u0119 savanoriai nepaliekami vieni. Kiekviena savanor\u012f priimanti organizacija turi i\u0161sirinkti darbuotoj\u0105, vadinam\u0105 tutoriumi (kuratoriumi), kuris savanor\u012f lyd\u0117s savanoryst\u0117s procese. \u201eSavo tutor\u0119 sekiojau beveik visur, nes dar nieko ne\u017einojau\u201c \u2013 prisimena Ezgi pirm\u0105sias savaites Vilijampol\u0117s socialin\u0117s globos namuose. Gera \u012f\u017eanga atne\u0161\u0117 vaisi\u0173. Laikui b\u0117gant Ezgi tapo vis labiau savaranki\u0161ka, o \u012fgytas tutor\u0117s ir koleg\u0173 pasitik\u0117jimas jai teik\u0117 pasitik\u0117jimo savimi, d\u017eiaugsmo ir motyvacijos.<\/p>\n\n\n\n<p>Ezgi prisimena, kad atvykdama tur\u0117jo id\u0117j\u0105 socialin\u0117s globos namuose surengti didel\u012f rengin\u012f, \u012ftraukiant visus gyventojus, ta\u010diau kol kas ji mieliau dirba individualiai ar su ma\u017eomis \u017emoni\u0173 grupel\u0117mis. Ezgi savo si\u016blomas veiklas stengiasi derinti prie gyventoj\u0173 interes\u0173: \u201eKai kurie \u017emon\u0117s man pasako, k\u0105 nor\u0117t\u0173 veikti ir man tai patinka labiausiai, nes nenoriu j\u0173 versti\u201c. Mergina nam\u0173 gyventojus lydi pasivaik\u0161\u010diojant lauke, kartu gamina maist\u0105, u\u017esiima rankdarbiais, asistuoja sporto sal\u0117je. Tur\u0117dama savanor\u0117s vaidmens teikiam\u0105 laisv\u0119 ir laik\u0105, Ezgi kuria individualius u\u017esi\u0117mimus, pavyzd\u017eiui, motorinius \u012fg\u016bd\u017eius lavinant\u012f \u017eaidim\u0105 i\u0161 panaudot\u0173 buteli\u0173. Ezgi nuomone, namuose pakanka darbuotoj\u0173, kurie palaiko dienos strukt\u016br\u0105, tod\u0117l savanor\u0117 savo vaidmen\u012f mato kaip \u201ekietos tetos\u201c, kuri tau visuomet leid\u017eia truput\u012f daugiau nei mama.<\/p>\n\n\n\n<p>Teiraujuosi Ezgi, kaip ji komunikuoja su nam\u0173 gyventojais, jei dauguma j\u0173 nekalba angli\u0161kai, o ji \u2013 lietuvi\u0161kai. Ezgi paai\u0161kina, kad su mokan\u010diais ra\u0161yti ir skaityti ji kaip su bet kuo bendrauja naudodama \u201eGoogle translate\u201c program\u0105. Yra toki\u0173, kurie negeba skaityti, ta\u010diau supranta \u012fgarsint\u0105 Ezgi i\u0161 turk\u0173 \u012f lietuvi\u0173 kalb\u0105 per t\u0105 pa\u010di\u0105 program\u0105 i\u0161verst\u0105 \u017eod\u012f ar fraz\u0119. Kai \u017emogus nekalba, tuomet savanor\u0117 stebi veido mimikas ir k\u016bno judesius \u2013 jie taip pat puikiai padeda susikalb\u0117ti. Nesvarbu, su ar be \u017eod\u017ei\u0173, ry\u0161\u012f u\u017emegzti \u012fmanoma. Mergin\u0105 namuose jau pa\u017e\u012fsta ir sveikinasi apkabindami ar pamojuodami net ir tie, su kuriais ji nesusitinka individualiose veiklose. Ezgi d\u017eiaugiasi, kad yra priimta: \u201eJie \u017eino, kas a\u0161 esu, ir nori man tai parodyti\u201c. Net ir b\u016bdama Stambule karantino metu Ezgi apsikei\u010dia \u017einut\u0117mis su keliais nam\u0173 gyventojais, kurie vis teiraujasi, ar ji dar sugr\u012f\u0161.<\/p>\n\n\n\n<p>Ezgi stebisi Vilijampol\u0117s socialin\u0117s globos nam\u0173 (vie\u0161osios \u012fstaigos), teikiamomis galimyb\u0117mis \u017emon\u0117ms su negalia. \u201ePrad\u017eioje netgi jau\u010diausi kiek nereikalinga, kai yra tiek \u012fvairi\u0173 veikl\u0173\u201c \u2013 prisimena Ezgi. Mergina taip pat pozityviai vertina darbuotoj\u0173 atsidavim\u0105. Jos nuomone, tokio sunkaus darbo, kok\u012f ji mato dirbant socialin\u0117s globos namuose, dirbti vien d\u0117l algos neb\u016bt\u0173 \u012fmanoma: \u201eJis tikrai ateina i\u0161 \u0161irdies\u201c.<\/p>\n\n\n\n<p>Ezgi savanoriauja Europos savanoryst\u0117s programoje, taigi man \u012fdomu, k\u0105 jai rei\u0161kia Europa ir europieti\u0161kumas. Nedvejodama Ezgi pirmiausia \u012fvardija \u0160engeno erdv\u0119. Taip pat seniau Europa savanorei visuomet atrod\u0117 gana homogeni\u0161ka ir asociavosi su \u201egeresne situacija\u201c nei Turkijoje. Ta\u010diau dabar, po studij\u0173 Rumunijoje ir septyni\u0173 m\u0117nesi\u0173 savanoryst\u0117s Lietuvoje, po pa\u017ein\u010di\u0173 su \u017emon\u0117mis i\u0161 \u012fvairi\u0173 Europos \u0161ali\u0173, Ezgi jau\u010dia, kad Europa labai skirtinga ir taip pat n\u0117ra rojus.&nbsp;<\/p>\n\n\n\n<p>Gyvenimu Kaune Ezgi m\u0117gaujasi. Lyginant su perpildytu Stambulu, Kaunas i\u0161ties nedidelis miestas, ta\u010diau savanorei jis kaip tik \u2013 puikus miesto ir gamtos mi\u0161inys. Ezgi d\u017eiaugiasi Kauno gatv\u0117s menu, spurgomis, o taip pat ir kult\u016briniais renginiais, kuri\u0173 gausa j\u0105 maloniai nustebino. Ko Ezgi linki Kaunui? Ger\u0173 2022 met\u0173!<\/p>\n\n\n\n<div style=\"height:20px\" aria-hidden=\"true\" class=\"wp-block-spacer\"><\/div>\n\n\n\n<div class=\"wp-block-image\"><figure class=\"aligncenter size-large is-resized\"><img decoding=\"async\" src=\"https:\/\/patria.lt\/wp-content\/uploads\/2021\/05\/stambulas2.jpg\" alt=\"\" class=\"wp-image-1017\" width=\"521\" height=\"554\" srcset=\"https:\/\/patria.lt\/wp-content\/uploads\/2021\/05\/stambulas2.jpg 851w, https:\/\/patria.lt\/wp-content\/uploads\/2021\/05\/stambulas2-600x638.jpg 600w, https:\/\/patria.lt\/wp-content\/uploads\/2021\/05\/stambulas2-282x300.jpg 282w, https:\/\/patria.lt\/wp-content\/uploads\/2021\/05\/stambulas2-768x817.jpg 768w\" sizes=\"(max-width: 521px) 100vw, 521px\" \/><\/figure><\/div>\n\n\n\n<div style=\"height:20px\" aria-hidden=\"true\" class=\"wp-block-spacer\"><\/div>\n\n\n\n<p><\/p>","protected":false},"excerpt":{"rendered":"<p>\u201eKokia situacija Stambule?\u201c \u2013 v\u0117l\u0173 tre\u010diadienio ryt\u0105 Kaune klausiu Ezgi, kuri\u0105 kompiuterio ekrane matau s\u0117din\u010di\u0105 t\u0117v\u0173 nam\u0173 svetain\u0117je (Stambulo Azijos pus\u0117je). Situacija \u0161iuo metu pana\u0161i daugelyje \u0161ali\u0173: karantinas, ne\u017einia, u\u017edarytos sienos. Ezgi \u2013 viena i\u0161 \u201eEuropos solidarumo korpuso\u201c programos savanori\u0173, kurie trumpoms atostogoms i\u0161vyko namo ir, pa\u016bm\u0117jus pasaulinei situacijai d\u0117l koronaviruso, buvo priversti pasilikti. Nepaisant [&hellip;]<\/p>\n","protected":false},"author":1,"featured_media":1015,"comment_status":"open","ping_status":"closed","sticky":false,"template":"","format":"standard","meta":{"give_campaign_id":0,"footnotes":""},"categories":[1],"tags":[12,9,25],"class_list":["post-1013","post","type-post","status-publish","format-standard","has-post-thumbnail","hentry","category-be-kategorijos","tag-ac-patria","tag-kaunas","tag-tarptautine-savanoryste","entry","has-media","owp-thumbs-layout-horizontal","owp-btn-normal","owp-tabs-layout-horizontal","has-no-thumbnails","has-product-nav"],"aioseo_notices":[],"_links":{"self":[{"href":"https:\/\/patria.lt\/en\/wp-json\/wp\/v2\/posts\/1013","targetHints":{"allow":["GET"]}}],"collection":[{"href":"https:\/\/patria.lt\/en\/wp-json\/wp\/v2\/posts"}],"about":[{"href":"https:\/\/patria.lt\/en\/wp-json\/wp\/v2\/types\/post"}],"author":[{"embeddable":true,"href":"https:\/\/patria.lt\/en\/wp-json\/wp\/v2\/users\/1"}],"replies":[{"embeddable":true,"href":"https:\/\/patria.lt\/en\/wp-json\/wp\/v2\/comments?post=1013"}],"version-history":[{"count":2,"href":"https:\/\/patria.lt\/en\/wp-json\/wp\/v2\/posts\/1013\/revisions"}],"predecessor-version":[{"id":1018,"href":"https:\/\/patria.lt\/en\/wp-json\/wp\/v2\/posts\/1013\/revisions\/1018"}],"wp:featuredmedia":[{"embeddable":true,"href":"https:\/\/patria.lt\/en\/wp-json\/wp\/v2\/media\/1015"}],"wp:attachment":[{"href":"https:\/\/patria.lt\/en\/wp-json\/wp\/v2\/media?parent=1013"}],"wp:term":[{"taxonomy":"category","embeddable":true,"href":"https:\/\/patria.lt\/en\/wp-json\/wp\/v2\/categories?post=1013"},{"taxonomy":"post_tag","embeddable":true,"href":"https:\/\/patria.lt\/en\/wp-json\/wp\/v2\/tags?post=1013"}],"curies":[{"name":"wp","href":"https:\/\/api.w.org\/{rel}","templated":true}]}}