{"id":1009,"date":"2020-05-14T14:56:58","date_gmt":"2020-05-14T14:56:58","guid":{"rendered":"http:\/\/wordpressprojektas.patria.lt\/?p=1009"},"modified":"2021-05-31T11:20:58","modified_gmt":"2021-05-31T11:20:58","slug":"patyriminiai-uzsiemimai-paaugliams","status":"publish","type":"post","link":"https:\/\/patria.lt\/en\/2020\/05\/14\/patyriminiai-uzsiemimai-paaugliams\/","title":{"rendered":"Patyriminiai u\u017esi\u0117mimai paaugliams"},"content":{"rendered":"<div style=\"height:40px\" aria-hidden=\"true\" class=\"wp-block-spacer\"><\/div>\n\n\n\n<p>Pasiilgai susitikti bendraam\u017eius ne tik per ZOOM\u0105? Nori susitikti gyvai ir aktyviai kartu leisti laisvalaik\u012f? Prasid\u0117jus vasarai neturi joki\u0173 plan\u0173?<\/p>\n\n\n\n<p>Po ilgo karantino namuose, kvie\u010diame 14-17 met\u0173 kaunie\u010dius \u012f grupines veiklas gamtoje. Kartu veiksime kaip komanda, atliksime \u012fvairias u\u017eduotis, ruo\u0161ime maist\u0105 lauke ir keliausime \u012f dviej\u0173 dien\u0173 \u017eyg\u012f.<\/p>\n\n\n\n<p>Nuo bir\u017eelio 1 d. renkamos dvi jaunuoli\u0173 grup\u0117s (14-15 met\u0173 ir 16-17 met\u0173). Vienoje grup\u0117je gali dalyvauti 10 \u017emoni\u0173, kuriuos kviesime \u012f 8 susitikimus po 2,5 val. ir 2 dien\u0173 patyrimin\u012f \u017eyg\u012f.<\/p>\n\n\n\n<p>Grup\u0119 ves ir kartu \u012f \u017eyg\u012f keliaus su jaunimu dirban\u010dios Kristina ir R\u016bta i\u0161 AC Patria.<\/p>\n\n\n\n<div style=\"height:20px\" aria-hidden=\"true\" class=\"wp-block-spacer\"><\/div>\n\n\n\n<div class=\"wp-block-image\"><figure class=\"aligncenter size-large\"><img fetchpriority=\"high\" decoding=\"async\" width=\"500\" height=\"419\" src=\"https:\/\/patria.lt\/wp-content\/uploads\/2021\/05\/bsnvasarai.jpg\" alt=\"\" class=\"wp-image-1011\" srcset=\"https:\/\/patria.lt\/wp-content\/uploads\/2021\/05\/bsnvasarai.jpg 500w, https:\/\/patria.lt\/wp-content\/uploads\/2021\/05\/bsnvasarai-300x251.jpg 300w\" sizes=\"(max-width: 500px) 100vw, 500px\" \/><\/figure><\/div>\n\n\n\n<div style=\"height:20px\" aria-hidden=\"true\" class=\"wp-block-spacer\"><\/div>\n\n\n\n<p>\u012edomu su\u017einoti daugiau? Ra\u0161yk ajcvartai@gmail.com arba skambink&nbsp; +370 658 93570. Arba u\u017esiregistruok <a href=\"https:\/\/docs.google.com\/forms\/d\/e\/1FAIpQLSd1nGYZwjzQOkKYIgRZ0BkRVVFjOctvHNfMpcmS5quq2Ho4Hw\/viewform\" target=\"_blank\" rel=\"noreferrer noopener\">here<\/a> mes su tavim susisieksime.<\/p>\n\n\n\n<p>Dalyvavimas tau yra NEMOKAMAS, nes programa &#8222;Palyd\u0117ta paauglyst\u0117&#8221; vykdoma \u012fgyvendinant projekt\u0105 \u201eKauno bendruomeniniai \u0161eimos namai\u201c. Finansuojama Europos socialinio fondo l\u0117\u0161omis. Projekt\u0105 vykdo Kauno miesto savivaldyb\u0117 ir partneriai.<\/p>\n\n\n\n<p><\/p>","protected":false},"excerpt":{"rendered":"<p>Pasiilgai susitikti bendraam\u017eius ne tik per ZOOM\u0105? Nori susitikti gyvai ir aktyviai kartu leisti laisvalaik\u012f? Prasid\u0117jus vasarai neturi joki\u0173 plan\u0173? Po ilgo karantino namuose, kvie\u010diame 14-17 met\u0173 kaunie\u010dius \u012f grupines veiklas gamtoje. Kartu veiksime kaip komanda, atliksime \u012fvairias u\u017eduotis, ruo\u0161ime maist\u0105 lauke ir keliausime \u012f dviej\u0173 dien\u0173 \u017eyg\u012f. Nuo bir\u017eelio 1 d. renkamos dvi jaunuoli\u0173 [&hellip;]<\/p>\n","protected":false},"author":1,"featured_media":553,"comment_status":"open","ping_status":"closed","sticky":false,"template":"","format":"standard","meta":{"give_campaign_id":0,"footnotes":""},"categories":[1],"tags":[12,29,9,22],"class_list":["post-1009","post","type-post","status-publish","format-standard","has-post-thumbnail","hentry","category-be-kategorijos","tag-ac-patria","tag-jaunimas","tag-kaunas","tag-programa","entry","has-media","owp-thumbs-layout-horizontal","owp-btn-normal","owp-tabs-layout-horizontal","has-no-thumbnails","has-product-nav"],"aioseo_notices":[],"_links":{"self":[{"href":"https:\/\/patria.lt\/en\/wp-json\/wp\/v2\/posts\/1009","targetHints":{"allow":["GET"]}}],"collection":[{"href":"https:\/\/patria.lt\/en\/wp-json\/wp\/v2\/posts"}],"about":[{"href":"https:\/\/patria.lt\/en\/wp-json\/wp\/v2\/types\/post"}],"author":[{"embeddable":true,"href":"https:\/\/patria.lt\/en\/wp-json\/wp\/v2\/users\/1"}],"replies":[{"embeddable":true,"href":"https:\/\/patria.lt\/en\/wp-json\/wp\/v2\/comments?post=1009"}],"version-history":[{"count":3,"href":"https:\/\/patria.lt\/en\/wp-json\/wp\/v2\/posts\/1009\/revisions"}],"predecessor-version":[{"id":1016,"href":"https:\/\/patria.lt\/en\/wp-json\/wp\/v2\/posts\/1009\/revisions\/1016"}],"wp:featuredmedia":[{"embeddable":true,"href":"https:\/\/patria.lt\/en\/wp-json\/wp\/v2\/media\/553"}],"wp:attachment":[{"href":"https:\/\/patria.lt\/en\/wp-json\/wp\/v2\/media?parent=1009"}],"wp:term":[{"taxonomy":"category","embeddable":true,"href":"https:\/\/patria.lt\/en\/wp-json\/wp\/v2\/categories?post=1009"},{"taxonomy":"post_tag","embeddable":true,"href":"https:\/\/patria.lt\/en\/wp-json\/wp\/v2\/tags?post=1009"}],"curies":[{"name":"wp","href":"https:\/\/api.w.org\/{rel}","templated":true}]}}